{"id":2245,"date":"2018-04-11T07:59:10","date_gmt":"2018-04-11T07:59:10","guid":{"rendered":"http:\/\/www.photosandmoredesign.de\/blog\/?p=2245"},"modified":"2018-04-11T08:27:31","modified_gmt":"2018-04-11T08:27:31","slug":"farbfotoshooting-in-berlin-kinderfotoshooting","status":"publish","type":"post","link":"https:\/\/www.photosandmoredesign.de\/blog\/farbfotoshooting-in-berlin-kinderfotoshooting\/","title":{"rendered":"Farbfotoshooting in Berlin | Kinderfotoshooting"},"content":{"rendered":"<h4 style=\"text-align: center;\"><span style=\"color: #003300;\">perfekt f\u00fcr kleine M\u00e4use um dem ersten oder zweiten Geburtstag<\/span><\/h4>\n<h4 style=\"text-align: center;\"><span style=\"color: #003300;\">lasst uns die Welt bunter machen &#8230;<\/span><\/h4>\n<h3 style=\"text-align: center;\"><\/h3>\n<h3 style=\"text-align: center;\"><span style=\"color: #ff0000;\">die Aktion ist verl\u00e4ngert bis Mitte Mai 2018<\/span><\/h3>\n<p><img loading=\"lazy\" class=\"aligncenter size-full wp-image-2251\" src=\"http:\/\/www.photosandmoredesign.de\/blog\/wp-content\/uploads\/2018\/04\/Kinderfotos-Farbshooting-buntekinderbilder-Fotografinberlin-2.jpg\" alt=\"\" width=\"1200\" height=\"960\" srcset=\"https:\/\/www.photosandmoredesign.de\/blog\/wp-content\/uploads\/2018\/04\/Kinderfotos-Farbshooting-buntekinderbilder-Fotografinberlin-2.jpg 1200w, https:\/\/www.photosandmoredesign.de\/blog\/wp-content\/uploads\/2018\/04\/Kinderfotos-Farbshooting-buntekinderbilder-Fotografinberlin-2-300x240.jpg 300w, https:\/\/www.photosandmoredesign.de\/blog\/wp-content\/uploads\/2018\/04\/Kinderfotos-Farbshooting-buntekinderbilder-Fotografinberlin-2-768x614.jpg 768w, https:\/\/www.photosandmoredesign.de\/blog\/wp-content\/uploads\/2018\/04\/Kinderfotos-Farbshooting-buntekinderbilder-Fotografinberlin-2-1024x819.jpg 1024w, https:\/\/www.photosandmoredesign.de\/blog\/wp-content\/uploads\/2018\/04\/Kinderfotos-Farbshooting-buntekinderbilder-Fotografinberlin-2-384x307.jpg 384w, https:\/\/www.photosandmoredesign.de\/blog\/wp-content\/uploads\/2018\/04\/Kinderfotos-Farbshooting-buntekinderbilder-Fotografinberlin-2-438x350.jpg 438w\" sizes=\"(max-width: 1200px) 100vw, 1200px\" \/><\/p>\n<p>&nbsp;<\/p>\n<p>&nbsp;<\/p>\n<p><img loading=\"lazy\" class=\"aligncenter size-full wp-image-2247\" src=\"http:\/\/www.photosandmoredesign.de\/blog\/wp-content\/uploads\/2018\/04\/Kinderfotografinberlin-Fotografinberlin-Kinderfotoshootingberlin-IMG_8423-5.jpg\" alt=\"\" width=\"1200\" height=\"800\" srcset=\"https:\/\/www.photosandmoredesign.de\/blog\/wp-content\/uploads\/2018\/04\/Kinderfotografinberlin-Fotografinberlin-Kinderfotoshootingberlin-IMG_8423-5.jpg 1200w, https:\/\/www.photosandmoredesign.de\/blog\/wp-content\/uploads\/2018\/04\/Kinderfotografinberlin-Fotografinberlin-Kinderfotoshootingberlin-IMG_8423-5-300x200.jpg 300w, https:\/\/www.photosandmoredesign.de\/blog\/wp-content\/uploads\/2018\/04\/Kinderfotografinberlin-Fotografinberlin-Kinderfotoshootingberlin-IMG_8423-5-768x512.jpg 768w, https:\/\/www.photosandmoredesign.de\/blog\/wp-content\/uploads\/2018\/04\/Kinderfotografinberlin-Fotografinberlin-Kinderfotoshootingberlin-IMG_8423-5-1024x683.jpg 1024w, https:\/\/www.photosandmoredesign.de\/blog\/wp-content\/uploads\/2018\/04\/Kinderfotografinberlin-Fotografinberlin-Kinderfotoshootingberlin-IMG_8423-5-1170x780.jpg 1170w, https:\/\/www.photosandmoredesign.de\/blog\/wp-content\/uploads\/2018\/04\/Kinderfotografinberlin-Fotografinberlin-Kinderfotoshootingberlin-IMG_8423-5-384x256.jpg 384w, https:\/\/www.photosandmoredesign.de\/blog\/wp-content\/uploads\/2018\/04\/Kinderfotografinberlin-Fotografinberlin-Kinderfotoshootingberlin-IMG_8423-5-525x350.jpg 525w\" sizes=\"(max-width: 1200px) 100vw, 1200px\" \/><\/p>\n<p>&nbsp;<\/p>\n<p><img loading=\"lazy\" class=\"aligncenter size-full wp-image-2248\" src=\"http:\/\/www.photosandmoredesign.de\/blog\/wp-content\/uploads\/2018\/04\/Kinderfotografinberlin-Kinderfotoshootingberlin-Farbfotoshootingberlin-Fotografinberlin-IMG_4484-23.jpg\" alt=\"\" width=\"1200\" height=\"848\" srcset=\"https:\/\/www.photosandmoredesign.de\/blog\/wp-content\/uploads\/2018\/04\/Kinderfotografinberlin-Kinderfotoshootingberlin-Farbfotoshootingberlin-Fotografinberlin-IMG_4484-23.jpg 1200w, https:\/\/www.photosandmoredesign.de\/blog\/wp-content\/uploads\/2018\/04\/Kinderfotografinberlin-Kinderfotoshootingberlin-Farbfotoshootingberlin-Fotografinberlin-IMG_4484-23-300x212.jpg 300w, https:\/\/www.photosandmoredesign.de\/blog\/wp-content\/uploads\/2018\/04\/Kinderfotografinberlin-Kinderfotoshootingberlin-Farbfotoshootingberlin-Fotografinberlin-IMG_4484-23-768x543.jpg 768w, https:\/\/www.photosandmoredesign.de\/blog\/wp-content\/uploads\/2018\/04\/Kinderfotografinberlin-Kinderfotoshootingberlin-Farbfotoshootingberlin-Fotografinberlin-IMG_4484-23-1024x724.jpg 1024w, https:\/\/www.photosandmoredesign.de\/blog\/wp-content\/uploads\/2018\/04\/Kinderfotografinberlin-Kinderfotoshootingberlin-Farbfotoshootingberlin-Fotografinberlin-IMG_4484-23-384x271.jpg 384w, https:\/\/www.photosandmoredesign.de\/blog\/wp-content\/uploads\/2018\/04\/Kinderfotografinberlin-Kinderfotoshootingberlin-Farbfotoshootingberlin-Fotografinberlin-IMG_4484-23-495x350.jpg 495w\" sizes=\"(max-width: 1200px) 100vw, 1200px\" \/><\/p>\n<p><img loading=\"lazy\" class=\"aligncenter size-full wp-image-2246\" src=\"http:\/\/www.photosandmoredesign.de\/blog\/wp-content\/uploads\/2018\/04\/Fotografinberlin-Farbfotoshootingberlin-Kinderfotoshootingberlin-DI4B6810-36.jpg\" alt=\"\" width=\"1200\" height=\"800\" srcset=\"https:\/\/www.photosandmoredesign.de\/blog\/wp-content\/uploads\/2018\/04\/Fotografinberlin-Farbfotoshootingberlin-Kinderfotoshootingberlin-DI4B6810-36.jpg 1200w, https:\/\/www.photosandmoredesign.de\/blog\/wp-content\/uploads\/2018\/04\/Fotografinberlin-Farbfotoshootingberlin-Kinderfotoshootingberlin-DI4B6810-36-300x200.jpg 300w, https:\/\/www.photosandmoredesign.de\/blog\/wp-content\/uploads\/2018\/04\/Fotografinberlin-Farbfotoshootingberlin-Kinderfotoshootingberlin-DI4B6810-36-768x512.jpg 768w, https:\/\/www.photosandmoredesign.de\/blog\/wp-content\/uploads\/2018\/04\/Fotografinberlin-Farbfotoshootingberlin-Kinderfotoshootingberlin-DI4B6810-36-1024x683.jpg 1024w, https:\/\/www.photosandmoredesign.de\/blog\/wp-content\/uploads\/2018\/04\/Fotografinberlin-Farbfotoshootingberlin-Kinderfotoshootingberlin-DI4B6810-36-1170x780.jpg 1170w, https:\/\/www.photosandmoredesign.de\/blog\/wp-content\/uploads\/2018\/04\/Fotografinberlin-Farbfotoshootingberlin-Kinderfotoshootingberlin-DI4B6810-36-384x256.jpg 384w, https:\/\/www.photosandmoredesign.de\/blog\/wp-content\/uploads\/2018\/04\/Fotografinberlin-Farbfotoshootingberlin-Kinderfotoshootingberlin-DI4B6810-36-525x350.jpg 525w\" sizes=\"(max-width: 1200px) 100vw, 1200px\" \/><\/p>\n","protected":false},"excerpt":{"rendered":"<p>perfekt f\u00fcr kleine M\u00e4use um dem ersten oder zweiten Geburtstag lasst uns die Welt bunter machen &#8230; die Aktion ist verl\u00e4ngert bis Mitte Mai 2018 &nbsp; &nbsp; &nbsp;<\/p>\n","protected":false},"author":1,"featured_media":2247,"comment_status":"closed","ping_status":"open","sticky":false,"template":"","format":"standard","meta":[],"categories":[185],"tags":[181,180,190,192,179,193],"_links":{"self":[{"href":"https:\/\/www.photosandmoredesign.de\/blog\/wp-json\/wp\/v2\/posts\/2245"}],"collection":[{"href":"https:\/\/www.photosandmoredesign.de\/blog\/wp-json\/wp\/v2\/posts"}],"about":[{"href":"https:\/\/www.photosandmoredesign.de\/blog\/wp-json\/wp\/v2\/types\/post"}],"author":[{"embeddable":true,"href":"https:\/\/www.photosandmoredesign.de\/blog\/wp-json\/wp\/v2\/users\/1"}],"replies":[{"embeddable":true,"href":"https:\/\/www.photosandmoredesign.de\/blog\/wp-json\/wp\/v2\/comments?post=2245"}],"version-history":[{"count":2,"href":"https:\/\/www.photosandmoredesign.de\/blog\/wp-json\/wp\/v2\/posts\/2245\/revisions"}],"predecessor-version":[{"id":2252,"href":"https:\/\/www.photosandmoredesign.de\/blog\/wp-json\/wp\/v2\/posts\/2245\/revisions\/2252"}],"wp:featuredmedia":[{"embeddable":true,"href":"https:\/\/www.photosandmoredesign.de\/blog\/wp-json\/wp\/v2\/media\/2247"}],"wp:attachment":[{"href":"https:\/\/www.photosandmoredesign.de\/blog\/wp-json\/wp\/v2\/media?parent=2245"}],"wp:term":[{"taxonomy":"category","embeddable":true,"href":"https:\/\/www.photosandmoredesign.de\/blog\/wp-json\/wp\/v2\/categories?post=2245"},{"taxonomy":"post_tag","embeddable":true,"href":"https:\/\/www.photosandmoredesign.de\/blog\/wp-json\/wp\/v2\/tags?post=2245"}],"curies":[{"name":"wp","href":"https:\/\/api.w.org\/{rel}","templated":true}]}}