{"id":2182,"date":"2018-01-05T11:16:05","date_gmt":"2018-01-05T11:16:05","guid":{"rendered":"http:\/\/www.photosandmoredesign.de\/blog\/?p=2182"},"modified":"2018-01-05T11:16:05","modified_gmt":"2018-01-05T11:16:05","slug":"happy-new-year","status":"publish","type":"post","link":"https:\/\/www.photosandmoredesign.de\/blog\/happy-new-year\/","title":{"rendered":"Happy New Year"},"content":{"rendered":"<h4 style=\"text-align: center;\">neues Jahr, neues Gl\u00fcck und ich habe einen Vorsatz<\/h4>\n<h4 style=\"text-align: center;\">meine Homepage muss endlich wieder laufen<\/h4>\n<h4 style=\"text-align: center;\">aber erst einmal m\u00f6chte ich allen DANKE f\u00fcr 2017<\/h4>\n<h4 style=\"text-align: center;\">ich freue mich auf Euch alle im neuen Jahr um wieder f\u00fcr Euch unvergessliche Momente festzuhalten <img loading=\"lazy\" class=\"aligncenter size-full wp-image-2183\" src=\"http:\/\/www.photosandmoredesign.de\/blog\/wp-content\/uploads\/2018\/01\/Fotografinberlin-Babybauchfotografinberlin-Kinderfotografinberlin-Familienfotografinberlin.jpg\" alt=\"\" width=\"1200\" height=\"1200\" srcset=\"https:\/\/www.photosandmoredesign.de\/blog\/wp-content\/uploads\/2018\/01\/Fotografinberlin-Babybauchfotografinberlin-Kinderfotografinberlin-Familienfotografinberlin.jpg 1200w, https:\/\/www.photosandmoredesign.de\/blog\/wp-content\/uploads\/2018\/01\/Fotografinberlin-Babybauchfotografinberlin-Kinderfotografinberlin-Familienfotografinberlin-150x150.jpg 150w, https:\/\/www.photosandmoredesign.de\/blog\/wp-content\/uploads\/2018\/01\/Fotografinberlin-Babybauchfotografinberlin-Kinderfotografinberlin-Familienfotografinberlin-300x300.jpg 300w, https:\/\/www.photosandmoredesign.de\/blog\/wp-content\/uploads\/2018\/01\/Fotografinberlin-Babybauchfotografinberlin-Kinderfotografinberlin-Familienfotografinberlin-768x768.jpg 768w, https:\/\/www.photosandmoredesign.de\/blog\/wp-content\/uploads\/2018\/01\/Fotografinberlin-Babybauchfotografinberlin-Kinderfotografinberlin-Familienfotografinberlin-1024x1024.jpg 1024w, https:\/\/www.photosandmoredesign.de\/blog\/wp-content\/uploads\/2018\/01\/Fotografinberlin-Babybauchfotografinberlin-Kinderfotografinberlin-Familienfotografinberlin-286x286.jpg 286w\" sizes=\"(max-width: 1200px) 100vw, 1200px\" \/><\/h4>\n","protected":false},"excerpt":{"rendered":"<p>neues Jahr, neues Gl\u00fcck und ich habe einen Vorsatz meine Homepage muss endlich wieder laufen aber erst einmal m\u00f6chte ich allen DANKE f\u00fcr 2017 ich freue mich auf Euch alle im neuen Jahr um wieder f\u00fcr Euch unvergessliche Momente festzuhalten<\/p>\n","protected":false},"author":1,"featured_media":0,"comment_status":"closed","ping_status":"open","sticky":false,"template":"","format":"image","meta":[],"categories":[184,185,5,183],"tags":[188,186,187,181,180,190,179,193,182,189],"_links":{"self":[{"href":"https:\/\/www.photosandmoredesign.de\/blog\/wp-json\/wp\/v2\/posts\/2182"}],"collection":[{"href":"https:\/\/www.photosandmoredesign.de\/blog\/wp-json\/wp\/v2\/posts"}],"about":[{"href":"https:\/\/www.photosandmoredesign.de\/blog\/wp-json\/wp\/v2\/types\/post"}],"author":[{"embeddable":true,"href":"https:\/\/www.photosandmoredesign.de\/blog\/wp-json\/wp\/v2\/users\/1"}],"replies":[{"embeddable":true,"href":"https:\/\/www.photosandmoredesign.de\/blog\/wp-json\/wp\/v2\/comments?post=2182"}],"version-history":[{"count":3,"href":"https:\/\/www.photosandmoredesign.de\/blog\/wp-json\/wp\/v2\/posts\/2182\/revisions"}],"predecessor-version":[{"id":2186,"href":"https:\/\/www.photosandmoredesign.de\/blog\/wp-json\/wp\/v2\/posts\/2182\/revisions\/2186"}],"wp:attachment":[{"href":"https:\/\/www.photosandmoredesign.de\/blog\/wp-json\/wp\/v2\/media?parent=2182"}],"wp:term":[{"taxonomy":"category","embeddable":true,"href":"https:\/\/www.photosandmoredesign.de\/blog\/wp-json\/wp\/v2\/categories?post=2182"},{"taxonomy":"post_tag","embeddable":true,"href":"https:\/\/www.photosandmoredesign.de\/blog\/wp-json\/wp\/v2\/tags?post=2182"}],"curies":[{"name":"wp","href":"https:\/\/api.w.org\/{rel}","templated":true}]}}